{"id":231,"date":"2021-07-16T12:39:00","date_gmt":"2021-07-16T12:39:00","guid":{"rendered":"https:\/\/josiasmoraes.com\/blog\/?p=231"},"modified":"2022-12-22T12:01:38","modified_gmt":"2022-12-22T12:01:38","slug":"um-pouco-da-polo-planejamento","status":"publish","type":"post","link":"https:\/\/poloplanejamento.com\/blog\/um-pouco-da-polo-planejamento\/","title":{"rendered":"Um pouco da Polo Planejamento"},"content":{"rendered":"\n<p>A Polo Planejamento \u00e9 uma empresa jovem fundada em 2015 com o prop\u00f3sito de ser uma empresa reconhecida pela sua excel\u00eancia e seu desempenho, estar vinculada a inova\u00e7\u00e3o e tecnologia que possam fornecer servi\u00e7os que impactem positivamente na qualidade de vida das pessoas. Mas al\u00e9m disso, a Polo se preocupa tamb\u00e9m na qualidade de vida e no bem-estar de seus colaboradores e est\u00e1 sempre visando melhorias internas e implementa\u00e7\u00f5es de benef\u00edcios.&nbsp;<\/p>\n\n\n\n<p>Para facilitar o dia a dia de trabalho criou-se um documento chamando <strong>\u2018\u2019Manual da Polo\u2019\u2019<\/strong> onde fica documentado as atividades, softwares, processos, m\u00e9todos de organiza\u00e7\u00e3o etc. Este documento \u00e9 atualizado periodicamente para manter as informa\u00e7\u00f5es sempre em dia. Neste documento os colaboradores podem se aprofundar e conhecer melhor a hist\u00f3ria e objetivos da empresa, tirar d\u00favidas sobre os processos de instala\u00e7\u00f5es de softwares, os caminhos que levam as pastas administrativas e de projetos e qualquer outra d\u00favida sobre a empresa e sua metodologia de trabalho. Este documento pode ser atualizado por qualquer colaborador que queira ajudar na melhoria das informa\u00e7\u00f5es.<\/p>\n\n\n\n<p>Em atendimento a NR5 e NR6, a empresa implantou a CIPA que tem como objetivo a preven\u00e7\u00e3o de acidentes e doen\u00e7as decorrentes do trabalho, de modo a tornar compat\u00edvel permanentemente o trabalho com a preven\u00e7\u00e3o da vida e a promo\u00e7\u00e3o da sa\u00fade do trabalhador.&nbsp;<\/p>\n\n\n\n<p>Em comemora\u00e7\u00e3o dos 5 anos da empresa foi dado algumas lembrancinhas como: caderno de anota\u00e7\u00e3o personalizado, canetas, planner e camisa da empresa. Neste ano em comemora\u00e7\u00e3o aos 6 anos da empresa elaboramos uma caneca personalizada com o logo, caderno e caneta, al\u00e9m de um caf\u00e9 comemorativo.<\/p>\n\n\n<div class=\"wp-block-image\">\n<figure class=\"aligncenter size-full\"><img decoding=\"async\" loading=\"lazy\" width=\"512\" height=\"410\" src=\"https:\/\/poloplanejamento.com\/blog\/wp-content\/uploads\/2022\/12\/428e26_2c458c3e35484f9aaba9f83bfdb120c0mv2.jpg\" alt=\"\" class=\"wp-image-232\" srcset=\"https:\/\/poloplanejamento.com\/blog\/wp-content\/uploads\/2022\/12\/428e26_2c458c3e35484f9aaba9f83bfdb120c0mv2.jpg 512w, https:\/\/poloplanejamento.com\/blog\/wp-content\/uploads\/2022\/12\/428e26_2c458c3e35484f9aaba9f83bfdb120c0mv2-300x240.jpg 300w\" sizes=\"(max-width: 512px) 100vw, 512px\" \/><\/figure><\/div>\n\n\n<p>Nossa empresa tamb\u00e9m est\u00e1 sempre preparando o que chamamos de \u2018\u2019Caf\u00e9s Tem\u00e1ticos\u2019\u2019 e \u2018\u2019Conecta Polo\u2019\u2019 que \u00e9 quando reunimos todos os colaboradores e parceiros para abordar algum tema espec\u00edfico que tenha rela\u00e7\u00e3o ao nosso trabalho em forma de apresenta\u00e7\u00f5es.<\/p>\n\n\n<div class=\"wp-block-image\">\n<figure class=\"aligncenter size-full\"><img decoding=\"async\" loading=\"lazy\" width=\"541\" height=\"294\" src=\"https:\/\/poloplanejamento.com\/blog\/wp-content\/uploads\/2022\/12\/428e26_67c1d7ecdaa94b7dbfd00390e5d093d9mv2.jpg\" alt=\"\" class=\"wp-image-233\" srcset=\"https:\/\/poloplanejamento.com\/blog\/wp-content\/uploads\/2022\/12\/428e26_67c1d7ecdaa94b7dbfd00390e5d093d9mv2.jpg 541w, https:\/\/poloplanejamento.com\/blog\/wp-content\/uploads\/2022\/12\/428e26_67c1d7ecdaa94b7dbfd00390e5d093d9mv2-300x163.jpg 300w\" sizes=\"(max-width: 541px) 100vw, 541px\" \/><\/figure><\/div>\n\n\n<p>Em outros textos vamos falar um pouco mais sobre as \u00e1reas de atua\u00e7\u00f5es, as vis\u00f5es, objetivos e miss\u00e3o da empresa<\/p>\n","protected":false},"excerpt":{"rendered":"<p>A Polo Planejamento \u00e9 uma empresa jovem fundada em 2015 com o prop\u00f3sito de ser uma empresa reconhecida pela sua excel\u00eancia e seu desempenho, estar vinculada a inova\u00e7\u00e3o e tecnologia que possam fornecer servi\u00e7os que impactem positivamente na qualidade de vida das pessoas. Mas al\u00e9m disso, a Polo se preocupa tamb\u00e9m na qualidade de vida [&hellip;]<\/p>\n","protected":false},"author":5,"featured_media":234,"comment_status":"open","ping_status":"open","sticky":false,"template":"","format":"standard","meta":{"footnotes":""},"categories":[1,40],"tags":[],"_links":{"self":[{"href":"https:\/\/poloplanejamento.com\/blog\/wp-json\/wp\/v2\/posts\/231"}],"collection":[{"href":"https:\/\/poloplanejamento.com\/blog\/wp-json\/wp\/v2\/posts"}],"about":[{"href":"https:\/\/poloplanejamento.com\/blog\/wp-json\/wp\/v2\/types\/post"}],"author":[{"embeddable":true,"href":"https:\/\/poloplanejamento.com\/blog\/wp-json\/wp\/v2\/users\/5"}],"replies":[{"embeddable":true,"href":"https:\/\/poloplanejamento.com\/blog\/wp-json\/wp\/v2\/comments?post=231"}],"version-history":[{"count":1,"href":"https:\/\/poloplanejamento.com\/blog\/wp-json\/wp\/v2\/posts\/231\/revisions"}],"predecessor-version":[{"id":236,"href":"https:\/\/poloplanejamento.com\/blog\/wp-json\/wp\/v2\/posts\/231\/revisions\/236"}],"wp:featuredmedia":[{"embeddable":true,"href":"https:\/\/poloplanejamento.com\/blog\/wp-json\/wp\/v2\/media\/234"}],"wp:attachment":[{"href":"https:\/\/poloplanejamento.com\/blog\/wp-json\/wp\/v2\/media?parent=231"}],"wp:term":[{"taxonomy":"category","embeddable":true,"href":"https:\/\/poloplanejamento.com\/blog\/wp-json\/wp\/v2\/categories?post=231"},{"taxonomy":"post_tag","embeddable":true,"href":"https:\/\/poloplanejamento.com\/blog\/wp-json\/wp\/v2\/tags?post=231"}],"curies":[{"name":"wp","href":"https:\/\/api.w.org\/{rel}","templated":true}]}}