{"id":237,"date":"2021-08-06T12:43:00","date_gmt":"2021-08-06T12:43:00","guid":{"rendered":"https:\/\/josiasmoraes.com\/blog\/?p=237"},"modified":"2022-12-22T12:01:28","modified_gmt":"2022-12-22T12:01:28","slug":"a-nova-fase-da-polo-nas-redes-sociais","status":"publish","type":"post","link":"https:\/\/poloplanejamento.com\/blog\/a-nova-fase-da-polo-nas-redes-sociais\/","title":{"rendered":"A nova fase da Polo nas redes sociais"},"content":{"rendered":"\n<p>No in\u00edcio deste m\u00eas nossas redes sociais come\u00e7aram uma nova fase de comunica\u00e7\u00e3o e compartilhamento de conte\u00fado, as publica\u00e7\u00f5es contar\u00e3o um pouco da nossa hist\u00f3ria e de nossa \u00e1rea de atua\u00e7\u00e3o, al\u00e9m de continuar com o compartilhamento de reportagens e artigos relevantes.<\/p>\n\n\n\n<p>Na verdade, essa atua\u00e7\u00e3o maior no mundo digital \u00e9 um reflexo de uma mudan\u00e7a mais ampla que est\u00e1 em andamento na Polo Planejamento, e que acontecer\u00e1 em v\u00e1rias \u00e1reas.&nbsp;<\/p>\n\n\n\n<p>O gerenciamento de pessoas est\u00e1 sendo reestruturado, buscando um formato para nossas avalia\u00e7\u00f5es mais \u00e1gil, din\u00e2mico e automatizado. Sempre houve uma preocupa\u00e7\u00e3o em realizar feedback com os colaboradores, uma ferramenta fundamental para o crescimento de todos. Todo colaborador precisa saber, de forma clara, como o seu trabalho est\u00e1 sendo avaliado, quais aspectos s\u00e3o positivos e aqueles que precisam ser melhorados. Quem coordena tamb\u00e9m ser\u00e1 avaliado, pois uma boa lideran\u00e7a traz bons resultados para aqueles que est\u00e3o sob sua tutela.&nbsp;<\/p>\n\n\n\n<p>Acreditamos que esse trabalho resultar\u00e1 em colaboradores mais produtivos e com desempenho melhorado, ap\u00f3s receberem avalia\u00e7\u00f5es construtivas. Al\u00e9m disso, a automatiza\u00e7\u00e3o do processo permitir\u00e1 uma melhora no gerenciamento de tempo e organiza\u00e7\u00e3o deste processo, principalmente para quem aplica e avalia os processos.&nbsp;<\/p>\n\n\n\n<p>Para finalizar, nosso site tamb\u00e9m passar\u00e1 por mudan\u00e7as, pois queremos que ele transmita para os internautas esse novo momento da empresa. O novo projeto gr\u00e1fico e editorial ir\u00e1 valorizar nossa identidade visual e tornar a navega\u00e7\u00e3o mais flu\u00edda, facilitando o acesso e compreens\u00e3o dos conte\u00fados, afinal temos muita informa\u00e7\u00e3o para transmitir.&nbsp;<\/p>\n\n\n\n<p>Por isso, n\u00e3o deixe de nos acompanhar para saber o que mais vem por a\u00ed. &nbsp;<\/p>\n","protected":false},"excerpt":{"rendered":"<p>No in\u00edcio deste m\u00eas nossas redes sociais come\u00e7aram uma nova fase de comunica\u00e7\u00e3o e compartilhamento de conte\u00fado, as publica\u00e7\u00f5es contar\u00e3o um pouco da nossa hist\u00f3ria e de nossa \u00e1rea de atua\u00e7\u00e3o, al\u00e9m de continuar com o compartilhamento de reportagens e artigos relevantes. Na verdade, essa atua\u00e7\u00e3o maior no mundo digital \u00e9 um reflexo de uma [&hellip;]<\/p>\n","protected":false},"author":2,"featured_media":235,"comment_status":"open","ping_status":"open","sticky":false,"template":"","format":"standard","meta":{"footnotes":""},"categories":[1,40],"tags":[],"_links":{"self":[{"href":"https:\/\/poloplanejamento.com\/blog\/wp-json\/wp\/v2\/posts\/237"}],"collection":[{"href":"https:\/\/poloplanejamento.com\/blog\/wp-json\/wp\/v2\/posts"}],"about":[{"href":"https:\/\/poloplanejamento.com\/blog\/wp-json\/wp\/v2\/types\/post"}],"author":[{"embeddable":true,"href":"https:\/\/poloplanejamento.com\/blog\/wp-json\/wp\/v2\/users\/2"}],"replies":[{"embeddable":true,"href":"https:\/\/poloplanejamento.com\/blog\/wp-json\/wp\/v2\/comments?post=237"}],"version-history":[{"count":1,"href":"https:\/\/poloplanejamento.com\/blog\/wp-json\/wp\/v2\/posts\/237\/revisions"}],"predecessor-version":[{"id":238,"href":"https:\/\/poloplanejamento.com\/blog\/wp-json\/wp\/v2\/posts\/237\/revisions\/238"}],"wp:featuredmedia":[{"embeddable":true,"href":"https:\/\/poloplanejamento.com\/blog\/wp-json\/wp\/v2\/media\/235"}],"wp:attachment":[{"href":"https:\/\/poloplanejamento.com\/blog\/wp-json\/wp\/v2\/media?parent=237"}],"wp:term":[{"taxonomy":"category","embeddable":true,"href":"https:\/\/poloplanejamento.com\/blog\/wp-json\/wp\/v2\/categories?post=237"},{"taxonomy":"post_tag","embeddable":true,"href":"https:\/\/poloplanejamento.com\/blog\/wp-json\/wp\/v2\/tags?post=237"}],"curies":[{"name":"wp","href":"https:\/\/api.w.org\/{rel}","templated":true}]}}