{"id":73,"date":"2021-04-21T14:35:00","date_gmt":"2021-04-21T14:35:00","guid":{"rendered":"https:\/\/josiasmoraes.com\/blog\/?p=73"},"modified":"2022-12-22T12:04:18","modified_gmt":"2022-12-22T12:04:18","slug":"polo-de-ideias-um-espaco-para-o-debate","status":"publish","type":"post","link":"https:\/\/poloplanejamento.com\/blog\/polo-de-ideias-um-espaco-para-o-debate\/","title":{"rendered":"Polo de ideias: um espa\u00e7o para o debate"},"content":{"rendered":"\n<p>H\u00e1 seis anos, eu estava passando por grandes mudan\u00e7as em minha vida. Estava cansado dos antigos projetos e acho que eles tamb\u00e9m estavam cansados de mim. Ent\u00e3o, ap\u00f3s concluir a segunda gradua\u00e7\u00e3o e me dedicar insanamente por 8 anos na estrutura\u00e7\u00e3o de uma carreira em consultoria de planejamento de transportes, resolvi que era hora de mudar.&nbsp;<\/p>\n\n\n\n<p>Depois de uma temporada morando no Copan com minha namorada, retornei para S\u00e3o Bernardo. Em 2015, eu me casei, entrei no mestrado e aproveitei um corte na empresa que eu trabalhava para iniciar este sonho. Um lugar onde eu pudesse chamar os amigos da vida profissional e acad\u00eamica para construir projetos divertidos e que realmente causassem impacto para as cidades. Um polo de planejamento, a Polo Planejamento.&nbsp;<\/p>\n\n\n\n<p>A rec\u00e9m-criada empresa surgiu na sala de casa e ap\u00f3s dois meses de abertura contratou seu primeiro estagi\u00e1rio. O Paulo Silva, hoje s\u00f3cio da empresa, foi o nosso primeiro funcion\u00e1rio, sempre dedicado e educado. A empresa foi crescendo, muitas pessoas entraram e sa\u00edram. Alguns amigos se juntaram a esse projeto, outras pessoas que se juntaram viraram amigos.&nbsp;<\/p>\n\n\n\n<p>Em 19 de junho completaremos 6 anos de hist\u00f3ria, de constru\u00e7\u00e3o de conhecimento e de aprendizado. Temos um importante reconhecimento sobre a qualidade do nosso trabalho no mercado, filia\u00e7\u00e3o em importantes entidades como a ANTP e a UITP e a premia\u00e7\u00e3o da APA pelo Projeto de Transporte Gratuito de Vargem Grande Paulista.&nbsp;<\/p>\n\n\n\n<p>Esse novo espa\u00e7o ser\u00e1 um local para que todos da empresa exponham suas ideias e suas experi\u00eancias profissionais. Possu\u00edamos um espa\u00e7o dedicado \u00e0 nossa produ\u00e7\u00e3o, contudo aqui queremos ser menos acad\u00eamicos ou t\u00e9cnicos e construir um espa\u00e7o de debate. Realmente criar um polo de ideias para o planejamento. Sempre que poss\u00edvel convidando amigos e colaboradores para escreverem nesta p\u00e1gina. \u00a0<\/p>\n","protected":false},"excerpt":{"rendered":"<p>H\u00e1 seis anos, eu estava passando por grandes mudan\u00e7as em minha vida. Estava cansado dos antigos projetos e acho que eles tamb\u00e9m estavam cansados de mim. Ent\u00e3o, ap\u00f3s concluir a segunda gradua\u00e7\u00e3o e me dedicar insanamente por 8 anos na estrutura\u00e7\u00e3o de uma carreira em consultoria de planejamento de transportes, resolvi que era hora de [&hellip;]<\/p>\n","protected":false},"author":2,"featured_media":82,"comment_status":"open","ping_status":"open","sticky":false,"template":"","format":"standard","meta":{"footnotes":""},"categories":[5,1,37,40],"tags":[],"_links":{"self":[{"href":"https:\/\/poloplanejamento.com\/blog\/wp-json\/wp\/v2\/posts\/73"}],"collection":[{"href":"https:\/\/poloplanejamento.com\/blog\/wp-json\/wp\/v2\/posts"}],"about":[{"href":"https:\/\/poloplanejamento.com\/blog\/wp-json\/wp\/v2\/types\/post"}],"author":[{"embeddable":true,"href":"https:\/\/poloplanejamento.com\/blog\/wp-json\/wp\/v2\/users\/2"}],"replies":[{"embeddable":true,"href":"https:\/\/poloplanejamento.com\/blog\/wp-json\/wp\/v2\/comments?post=73"}],"version-history":[{"count":6,"href":"https:\/\/poloplanejamento.com\/blog\/wp-json\/wp\/v2\/posts\/73\/revisions"}],"predecessor-version":[{"id":208,"href":"https:\/\/poloplanejamento.com\/blog\/wp-json\/wp\/v2\/posts\/73\/revisions\/208"}],"wp:featuredmedia":[{"embeddable":true,"href":"https:\/\/poloplanejamento.com\/blog\/wp-json\/wp\/v2\/media\/82"}],"wp:attachment":[{"href":"https:\/\/poloplanejamento.com\/blog\/wp-json\/wp\/v2\/media?parent=73"}],"wp:term":[{"taxonomy":"category","embeddable":true,"href":"https:\/\/poloplanejamento.com\/blog\/wp-json\/wp\/v2\/categories?post=73"},{"taxonomy":"post_tag","embeddable":true,"href":"https:\/\/poloplanejamento.com\/blog\/wp-json\/wp\/v2\/tags?post=73"}],"curies":[{"name":"wp","href":"https:\/\/api.w.org\/{rel}","templated":true}]}}